{"id":1248,"date":"2026-03-12T22:51:23","date_gmt":"2026-03-13T02:51:23","guid":{"rendered":"https:\/\/www.ft.uto.edu.bo\/?p=1248"},"modified":"2026-03-13T02:19:55","modified_gmt":"2026-03-13T06:19:55","slug":"%f0%9f%8f%9b%ef%b8%8f-aniversario-lxxxvi-facultad-tecnica-uto","status":"publish","type":"post","link":"https:\/\/www.ft.uto.edu.bo\/?p=1248","title":{"rendered":"\ud83c\udfdb\ufe0f PROGRAMA GENERAL : LXXXVI ANIVERSARIO"},"content":{"rendered":"<div class=\"programa-aniversario-ft\" style=\"max-width: 800px; margin: 0 auto; padding: 20px; font-family: inherit;\">\n<h2 style=\"text-align: center; color: #003366;\">PROGRAMA GENERAL &#8211; LXXXVI ANIVERSARIO<\/h2>\n<blockquote style=\"text-align: center; border-left: 4px solid #003366; background-color: #f9f9f9; padding: 15px; margin-bottom: 30px;\">\n<p style=\"margin: 0; font-size: 1.1em;\">\n            <strong>\u00a1C\u00e1lculo, Dise\u00f1o y Ejecuci\u00f3n&#8230; La T\u00e9cnica en Acci\u00f3n!<\/strong><br \/>\n            Facultad T\u00e9cnica &#8211; UTO<br \/>\n            1940 &#8211; 2026 | 86\u00ba Aniversario\n        <\/p>\n<\/blockquote>\n<hr style=\"border: 0; border-top: 1px solid #e0e0e0; margin: 20px 0;\">\n<h3 style=\"color: #003366; border-bottom: 2px solid #e0e0e0; padding-bottom: 5px;\">MI\u00c9RCOLES 11 DE MARZO<\/h3>\n<ul style=\"margin-bottom: 20px;\">\n<li><strong>Hrs: 10:00<\/strong> &#8211; Conferencia Internacional Virtual \u00abCIUDADAN\u00cdA DIGITAL-MICRO CREDENCIALES\u00bb Docente: N\u00e9stor Luna (desde M\u00e9xico).<\/li>\n<\/ul>\n<h3 style=\"color: #003366; border-bottom: 2px solid #e0e0e0; padding-bottom: 5px;\">JUEVES 12 DE MARZO<\/h3>\n<ul style=\"margin-bottom: 20px;\">\n<li><strong>Hrs: 11:00<\/strong> &#8211; Reconocimiento Producci\u00f3n Intelectual a los Docentes de la Facultad T\u00e9cnica. &#8211; Lugar: Sal\u00f3n del H.C.U.<\/li>\n<li><strong>Hrs: 11:30<\/strong> &#8211; Lectura de Convenio para la EDICI\u00d3N DE LIBROS Y CAT\u00c1LOGOS INTERNACIONALES &#8211; Lugar: Sal\u00f3n del H.C.U.<\/li>\n<li><strong>Hrs: 18:30<\/strong> &#8211; Partido Amistoso de Inauguraci\u00f3n Cancha C\u00e9sped Sint\u00e9tico F.T. Categor\u00eda: S\u00e9nior: F.T. Vs. F.N.I.<\/li>\n<li><strong>Hrs: 20:00<\/strong> &#8211; Partido Amistoso de Inauguraci\u00f3n Cancha C\u00e9sped Sint\u00e9tico F.T. Categor\u00eda: Estudiantes: F. T. Vs. F.N.I.<\/li>\n<\/ul>\n<h3 style=\"color: #003366; border-bottom: 2px solid #e0e0e0; padding-bottom: 5px;\">VIERNES 13 DE MARZO<\/h3>\n<ul style=\"margin-bottom: 20px;\">\n<li><strong>Hrs: 08:30<\/strong> &#8211; Ciclo de Conferencias &#8211; AUDITORIO PRINCIPAL 4to. PISO.<\/li>\n<li><strong>Hrs: 14:30<\/strong> &#8211; Ciclo de Conferencias &#8211; AUDITORIO PRINCIPAL 4to. PISO.<\/li>\n<li><strong>Hrs: 08:30<\/strong> &#8211; Ciclo de Conferencias &#8211; AUDITORIO PRINCIPAL 4to. PISO.<\/li>\n<\/ul>\n<h3 style=\"color: #003366; border-bottom: 2px solid #e0e0e0; padding-bottom: 5px;\">S\u00c1BADO 14 DE MARZO<\/h3>\n<ul style=\"margin-bottom: 20px;\">\n<li><strong>Hrs: 08:00<\/strong> &#8211; Campa\u00f1a de Limpieza General \u00abMi Facultad Limpia\u00bb.<\/li>\n<\/ul>\n<h3 style=\"color: #003366; border-bottom: 2px solid #e0e0e0; padding-bottom: 5px;\">LUNES 16 DE MARZO<\/h3>\n<ul style=\"margin-bottom: 20px;\">\n<li><strong>Hrs: 08:00<\/strong> &#8211; Iza de la Bandera Nacional en conmemoraci\u00f3n al: LXXXVI ANIVERSARIO de la Facultad T\u00e9cnica.<\/li>\n<li><strong>Hrs: 18:00<\/strong> &#8211; Iluminaci\u00f3n del frontis del Edificio Hist\u00f3rico de la Facultad.<\/li>\n<\/ul>\n<h3 style=\"color: #003366; border-bottom: 2px solid #e0e0e0; padding-bottom: 5px;\">MARTES 17 DE MARZO<\/h3>\n<ul style=\"margin-bottom: 20px;\">\n<li><strong>Hrs: 17:00<\/strong> &#8211; Acto acad\u00e9mico en conmemoraci\u00f3n al LXXXVI aniversario de la Facultad T\u00e9cnica (Paraninfo Universitario).<\/li>\n<li><strong>Hrs: 19:00<\/strong> &#8211; Desfile de Teas (Concentraci\u00f3n Avenida C\u00edvica).<\/li>\n<li><strong>Hrs: 21:00<\/strong> &#8211; Desconcentraci\u00f3n (Facultad T\u00e9cnica).<\/li>\n<li><strong>Hrs: 21:30<\/strong> &#8211; Serenata (Facultad T\u00e9cnica).<\/li>\n<\/ul>\n<h3 style=\"color: #003366; border-bottom: 2px solid #e0e0e0; padding-bottom: 5px;\">MI\u00c9RCOLES 18 DE MARZO<\/h3>\n<ul style=\"margin-bottom: 20px;\">\n<li><strong>Hrs: 09:00<\/strong> &#8211; Homenaje al LXXXVI aniversario de la Facultad T\u00e9cnica.<\/li>\n<li><strong>Hrs: 14:00<\/strong> &#8211; Tradicional Bautizo \u00abChillwinchus 2026\u00bb (Facultad T\u00e9cnica).<\/li>\n<\/ul>\n<hr style=\"border: 0; border-top: 1px solid #e0e0e0; margin: 30px 0;\">\n<h3 style=\"color: #003366; border-bottom: 2px solid #e0e0e0; padding-bottom: 5px;\">LUNES 06 AL 10 DE ABRIL<\/h3>\n<ul style=\"margin-bottom: 20px;\">\n<li><strong>Hrs: 09:30<\/strong> &#8211; Inauguraci\u00f3n del Campeonato Deportivo Facultad T\u00e9cnica (Disciplinas: f\u00fatbol, b\u00e1squetbol, f\u00fatbol de sal\u00f3n).<\/li>\n<\/ul>\n<h3 style=\"color: #003366; border-bottom: 2px solid #e0e0e0; padding-bottom: 5px;\">S\u00c1BADO 11 DE ABRIL<\/h3>\n<ul style=\"margin-bottom: 20px;\">\n<li><strong>Hrs: 08:00<\/strong> &#8211; Excursiones Estudiantes Facultad T\u00e9cnica (Lugar a definirse).<\/li>\n<\/ul>\n<h3 style=\"color: #003366; border-bottom: 2px solid #e0e0e0; padding-bottom: 5px;\">JUEVES 21 DE MAYO<\/h3>\n<ul style=\"margin-bottom: 20px;\">\n<li><strong>Hrs: 09:00<\/strong> &#8211; Entrega provisional SALA DE RECREACION Facultad T\u00e9cnica a cargo (Rector Autoridades Facultativas).<\/li>\n<\/ul>\n<\/div>\n","protected":false},"excerpt":{"rendered":"<p>PROGRAMA GENERAL &#8211; LXXXVI ANIVERSARIO \u00a1C\u00e1lculo, Dise\u00f1o y Ejecuci\u00f3n&#8230; La T\u00e9cnica en Acci\u00f3n! Facultad T\u00e9cnica &#8211; UTO 1940 &#8211; 2026 [&hellip;]<\/p>\n","protected":false},"author":1,"featured_media":1255,"comment_status":"closed","ping_status":"open","sticky":false,"template":"","format":"standard","meta":{"site-sidebar-layout":"default","site-content-layout":"","ast-site-content-layout":"default","site-content-style":"default","site-sidebar-style":"default","ast-global-header-display":"","ast-banner-title-visibility":"","ast-main-header-display":"","ast-hfb-above-header-display":"","ast-hfb-below-header-display":"","ast-hfb-mobile-header-display":"","site-post-title":"","ast-breadcrumbs-content":"","ast-featured-img":"","footer-sml-layout":"","ast-disable-related-posts":"","theme-transparent-header-meta":"","adv-header-id-meta":"","stick-header-meta":"","header-above-stick-meta":"","header-main-stick-meta":"","header-below-stick-meta":"","astra-migrate-meta-layouts":"default","ast-page-background-enabled":"default","ast-page-background-meta":{"desktop":{"background-color":"var(--ast-global-color-5)","background-image":"","background-repeat":"repeat","background-position":"center center","background-size":"auto","background-attachment":"scroll","background-type":"","background-media":"","overlay-type":"","overlay-color":"","overlay-opacity":"","overlay-gradient":""},"tablet":{"background-color":"","background-image":"","background-repeat":"repeat","background-position":"center center","background-size":"auto","background-attachment":"scroll","background-type":"","background-media":"","overlay-type":"","overlay-color":"","overlay-opacity":"","overlay-gradient":""},"mobile":{"background-color":"","background-image":"","background-repeat":"repeat","background-position":"center center","background-size":"auto","background-attachment":"scroll","background-type":"","background-media":"","overlay-type":"","overlay-color":"","overlay-opacity":"","overlay-gradient":""}},"ast-content-background-meta":{"desktop":{"background-color":"var(--ast-global-color-4)","background-image":"","background-repeat":"repeat","background-position":"center center","background-size":"auto","background-attachment":"scroll","background-type":"","background-media":"","overlay-type":"","overlay-color":"","overlay-opacity":"","overlay-gradient":""},"tablet":{"background-color":"var(--ast-global-color-4)","background-image":"","background-repeat":"repeat","background-position":"center center","background-size":"auto","background-attachment":"scroll","background-type":"","background-media":"","overlay-type":"","overlay-color":"","overlay-opacity":"","overlay-gradient":""},"mobile":{"background-color":"var(--ast-global-color-4)","background-image":"","background-repeat":"repeat","background-position":"center center","background-size":"auto","background-attachment":"scroll","background-type":"","background-media":"","overlay-type":"","overlay-color":"","overlay-opacity":"","overlay-gradient":""}},"footnotes":""},"categories":[1],"tags":[],"class_list":["post-1248","post","type-post","status-publish","format-standard","has-post-thumbnail","hentry","category-sin-categoria"],"_links":{"self":[{"href":"https:\/\/www.ft.uto.edu.bo\/index.php?rest_route=\/wp\/v2\/posts\/1248","targetHints":{"allow":["GET"]}}],"collection":[{"href":"https:\/\/www.ft.uto.edu.bo\/index.php?rest_route=\/wp\/v2\/posts"}],"about":[{"href":"https:\/\/www.ft.uto.edu.bo\/index.php?rest_route=\/wp\/v2\/types\/post"}],"author":[{"embeddable":true,"href":"https:\/\/www.ft.uto.edu.bo\/index.php?rest_route=\/wp\/v2\/users\/1"}],"replies":[{"embeddable":true,"href":"https:\/\/www.ft.uto.edu.bo\/index.php?rest_route=%2Fwp%2Fv2%2Fcomments&post=1248"}],"version-history":[{"count":9,"href":"https:\/\/www.ft.uto.edu.bo\/index.php?rest_route=\/wp\/v2\/posts\/1248\/revisions"}],"predecessor-version":[{"id":1260,"href":"https:\/\/www.ft.uto.edu.bo\/index.php?rest_route=\/wp\/v2\/posts\/1248\/revisions\/1260"}],"wp:featuredmedia":[{"embeddable":true,"href":"https:\/\/www.ft.uto.edu.bo\/index.php?rest_route=\/wp\/v2\/media\/1255"}],"wp:attachment":[{"href":"https:\/\/www.ft.uto.edu.bo\/index.php?rest_route=%2Fwp%2Fv2%2Fmedia&parent=1248"}],"wp:term":[{"taxonomy":"category","embeddable":true,"href":"https:\/\/www.ft.uto.edu.bo\/index.php?rest_route=%2Fwp%2Fv2%2Fcategories&post=1248"},{"taxonomy":"post_tag","embeddable":true,"href":"https:\/\/www.ft.uto.edu.bo\/index.php?rest_route=%2Fwp%2Fv2%2Ftags&post=1248"}],"curies":[{"name":"wp","href":"https:\/\/api.w.org\/{rel}","templated":true}]}}